{"id":366,"date":"2024-05-19T14:05:31","date_gmt":"2024-05-19T20:05:31","guid":{"rendered":"https:\/\/porelartelibre.org\/?p=366"},"modified":"2024-05-25T20:28:14","modified_gmt":"2024-05-26T02:28:14","slug":"lanzamiento-de-la-novela-grafica-la-culpa-de-todo-la-tiene-el-toti","status":"publish","type":"post","link":"https:\/\/porelartelibre.org\/?p=366","title":{"rendered":"Lanzamiento de la Novela Gr\u00e1fica \u201cLa culpa de todo la tiene el tot\u00ed\u201d"},"content":{"rendered":"","protected":false},"excerpt":{"rendered":"<p>La Casa Bats\u00fa, situada en el Barrio Escalante en Costa Rica, sirvi\u00f3 como sede para un espacio de intercambio entre la Asociaci\u00f3n Arte Libre y varias personas dedicadas al activismo pro derechos humanos a nivel internacional.<\/p>\n","protected":false},"author":2,"featured_media":367,"comment_status":"open","ping_status":"open","sticky":false,"template":"","format":"standard","meta":{"footnotes":""},"categories":[16],"tags":[11,12,22,21,13],"class_list":["post-366","post","type-post","status-publish","format-standard","has-post-thumbnail","hentry","category-evento","tag-11j","tag-cuba","tag-la-culpa-de-todo-la-tiene-el-toti","tag-novela-grafica","tag-represion"],"_links":{"self":[{"href":"https:\/\/porelartelibre.org\/index.php?rest_route=\/wp\/v2\/posts\/366","targetHints":{"allow":["GET"]}}],"collection":[{"href":"https:\/\/porelartelibre.org\/index.php?rest_route=\/wp\/v2\/posts"}],"about":[{"href":"https:\/\/porelartelibre.org\/index.php?rest_route=\/wp\/v2\/types\/post"}],"author":[{"embeddable":true,"href":"https:\/\/porelartelibre.org\/index.php?rest_route=\/wp\/v2\/users\/2"}],"replies":[{"embeddable":true,"href":"https:\/\/porelartelibre.org\/index.php?rest_route=%2Fwp%2Fv2%2Fcomments&post=366"}],"version-history":[{"count":8,"href":"https:\/\/porelartelibre.org\/index.php?rest_route=\/wp\/v2\/posts\/366\/revisions"}],"predecessor-version":[{"id":443,"href":"https:\/\/porelartelibre.org\/index.php?rest_route=\/wp\/v2\/posts\/366\/revisions\/443"}],"wp:featuredmedia":[{"embeddable":true,"href":"https:\/\/porelartelibre.org\/index.php?rest_route=\/wp\/v2\/media\/367"}],"wp:attachment":[{"href":"https:\/\/porelartelibre.org\/index.php?rest_route=%2Fwp%2Fv2%2Fmedia&parent=366"}],"wp:term":[{"taxonomy":"category","embeddable":true,"href":"https:\/\/porelartelibre.org\/index.php?rest_route=%2Fwp%2Fv2%2Fcategories&post=366"},{"taxonomy":"post_tag","embeddable":true,"href":"https:\/\/porelartelibre.org\/index.php?rest_route=%2Fwp%2Fv2%2Ftags&post=366"}],"curies":[{"name":"wp","href":"https:\/\/api.w.org\/{rel}","templated":true}]}}